{"id":1557,"date":"2017-12-13T15:12:07","date_gmt":"2017-12-13T14:12:07","guid":{"rendered":"http:\/\/www.psa.org.pl\/?p=1557"},"modified":"2017-12-13T15:12:43","modified_gmt":"2017-12-13T14:12:43","slug":"zakonczenie-projektu-krajka-zachowaj-od-zapomnienia","status":"publish","type":"post","link":"https:\/\/psa.org.pl\/index.php\/zakonczenie-projektu-krajka-zachowaj-od-zapomnienia\/","title":{"rendered":"ZAKO\u0143CZENIE PROJEKTU KRAJKA-ZACHOWAJ OD ZAPOMNIENIA"},"content":{"rendered":"<p>Serdecznie zapraszamy 15 grudnia o godz. 10.00 do Izby Tkactwa Dwuosnowowego w Janowie (ul. Bia\u0142ostocka 14 A) na zako\u0144czenie projektu &#8222;Krajka &#8211; zachowaj od zapomnienia&#8221;, dofinansowanego ze \u015brodk\u00f3w Wojew\u00f3dztwa Podlaskiego, podczas kt\u00f3rego b\u0119dzie mo\u017cna odebra\u0107 bezp\u0142atnie publikacj\u0119 Krajki &#8211; tkane pasy z terenu Sok\u00f3lszczyzny&#8221;. Spotkanie odb\u0119dzie si\u0119 w trakcie otwarcia wystawy tkanin z XXV Konkursu na Tkanin\u0119 Dwuosnowow\u0105 &#8222;Droga przez wie\u015b&#8221;.<\/p>\n<p><img loading=\"lazy\" decoding=\"async\" class=\"alignleft size-thumbnail wp-image-1558\" src=\"http:\/\/www.psa.org.pl\/pliki\/2017\/12\/jan\u00f3w-297x420.jpg\" alt=\"\" width=\"297\" height=\"420\" srcset=\"https:\/\/psa.org.pl\/pliki\/2017\/12\/jan\u00f3w-297x420.jpg 297w, https:\/\/psa.org.pl\/pliki\/2017\/12\/jan\u00f3w-566x800.jpg 566w, https:\/\/psa.org.pl\/pliki\/2017\/12\/jan\u00f3w.jpg 679w\" sizes=\"auto, (max-width: 297px) 100vw, 297px\" \/><\/p>\n","protected":false},"excerpt":{"rendered":"<p>Serdecznie zapraszamy 15 grudnia o godz. 10.00 do Izby Tkactwa Dwuosnowowego w Janowie (ul. Bia\u0142ostocka 14 A) na zako\u0144czenie projektu &#8222;Krajka &#8211; zachowaj od zapomnienia&#8221;, dofinansowanego ze \u015brodk\u00f3w Wojew\u00f3dztwa Podlaskiego, podczas kt\u00f3rego b\u0119dzie mo\u017cna odebra\u0107 bezp\u0142atnie publikacj\u0119 Krajki &#8211; tkane pasy z terenu Sok\u00f3lszczyzny&#8221;. Spotkanie odb\u0119dzie si\u0119 w trakcie otwarcia wystawy tkanin z XXV Konkursu [&hellip;]<\/p>\n","protected":false},"author":3,"featured_media":0,"comment_status":"closed","ping_status":"closed","sticky":false,"template":"","format":"standard","meta":{"footnotes":""},"categories":[1],"tags":[],"class_list":["post-1557","post","type-post","status-publish","format-standard","hentry","category-informacje"],"_links":{"self":[{"href":"https:\/\/psa.org.pl\/index.php\/wp-json\/wp\/v2\/posts\/1557","targetHints":{"allow":["GET"]}}],"collection":[{"href":"https:\/\/psa.org.pl\/index.php\/wp-json\/wp\/v2\/posts"}],"about":[{"href":"https:\/\/psa.org.pl\/index.php\/wp-json\/wp\/v2\/types\/post"}],"author":[{"embeddable":true,"href":"https:\/\/psa.org.pl\/index.php\/wp-json\/wp\/v2\/users\/3"}],"replies":[{"embeddable":true,"href":"https:\/\/psa.org.pl\/index.php\/wp-json\/wp\/v2\/comments?post=1557"}],"version-history":[{"count":1,"href":"https:\/\/psa.org.pl\/index.php\/wp-json\/wp\/v2\/posts\/1557\/revisions"}],"predecessor-version":[{"id":1559,"href":"https:\/\/psa.org.pl\/index.php\/wp-json\/wp\/v2\/posts\/1557\/revisions\/1559"}],"wp:attachment":[{"href":"https:\/\/psa.org.pl\/index.php\/wp-json\/wp\/v2\/media?parent=1557"}],"wp:term":[{"taxonomy":"category","embeddable":true,"href":"https:\/\/psa.org.pl\/index.php\/wp-json\/wp\/v2\/categories?post=1557"},{"taxonomy":"post_tag","embeddable":true,"href":"https:\/\/psa.org.pl\/index.php\/wp-json\/wp\/v2\/tags?post=1557"}],"curies":[{"name":"wp","href":"https:\/\/api.w.org\/{rel}","templated":true}]}}