{"id":1366,"date":"2015-10-06T11:05:28","date_gmt":"2015-10-06T10:05:28","guid":{"rendered":"http:\/\/www.psa.org.pl\/?p=1366"},"modified":"2015-10-06T11:05:43","modified_gmt":"2015-10-06T10:05:43","slug":"szkola-animatorow-edukacji-ekologicznej-natura-2000","status":"publish","type":"post","link":"https:\/\/psa.org.pl\/index.php\/szkola-animatorow-edukacji-ekologicznej-natura-2000\/","title":{"rendered":"Szko\u0142a Animator\u00f3w Edukacji Ekologicznej &#8211; Natura 2000"},"content":{"rendered":"<div>\n<div>Fundacja Wspierania Inicjatyw Ekologicznych zwraca si\u0119, z uprzejm\u0105 pro\u015bb\u0105 o rozpowszechnienie wiadomo\u015bci, dotycz\u0105cych organizowanego w najbli\u017cszym czasie szkolenia z zakresu edukacji ekologicznej, poprzez umieszczenie informacji na stronie internetowej i\/lub rozes\u0142anie wiadomo\u015bci w\u015br\u00f3d wszystkich zainteresowanych t\u0105 tematyk\u0105. Jednocze\u015bnie pragniemy serdecznie zaprosi\u0107 Pa\u0144stwa do udzia\u0142u w tych warsztatach. Poni\u017cej podajemy wszystkie szczeg\u00f3\u0142owe informacje.<b>Szko\u0142a Animator\u00f3w Edukacji Ekologicznej &#8211; Natura 2000<\/b>\u00a0 jest to bezp\u0142atny cykl trzech spotka\u0144, kt\u00f3re odb\u0119d\u0105 si\u0119 w nast\u0119puj\u0105cych terminach:<\/p>\n<\/div>\n<\/div>\n<p><span style=\"font-size: small;\"><b>24-25.10.2015r.<\/b><\/span><span style=\"font-size: small;\"> &#8211;<\/span><span style=\"font-size: small;\"><span style=\"font-size: small;\"> Nowe funkcje przestrzeni wiejskiej usytuowanej na obszarze Natura 2000<\/span><br \/>\n<\/span><span style=\"font-size: small;\"><b>06-08.11.2015r. &#8211;<\/b><\/span><b> <\/b><span style=\"font-size: small;\"><span style=\"font-size: small;\">Praktyczne warsztaty przyrodnicze: ornitologiczne, botaniczne, og\u00f3lnoprzyrodnicze<\/span><b><br \/>\n14-15.11.2015r.<\/b><\/span><span style=\"font-size: small;\"> &#8211; Metodyka prowadzenia zaj\u0119\u0107 w warunkach gospodarstwa wiejskiego, narz\u0119dzia edukacji ekologicznej<\/span><span style=\"font-size: small;\"><br \/>\n<\/span><br \/>\n<span style=\"font-size: small;\">Warsztaty odbywa\u0107 si\u0119 b\u0119d\u0105 w <b>Gospodarstwie Agroturystycznym Ptasie Radio<\/b> (ul. Wierzbowa 5, 16-020 Czarna Wie\u015b Ko\u015bcielna).<br \/>\nZaproszenie, programy spotka\u0144 oraz formularz zg\u0142oszeniowy znajd\u0105 Pa\u0144stwo w za\u0142\u0105czniku. Zg\u0142oszenia mo\u017cna nadsy\u0142a\u0107 do <b>16.10.2015r.<\/b> Liczba miejsc jest ograniczona.<\/span><span style=\"font-size: small;\"><span style=\"font-size: small;\"><b> Udzia\u0142 w warsztatach jest bezp\u0142atny<\/b>. Fundacja zapewnia materia\u0142y szkoleniowe (pakiet edukacyjny <i>&#8222;Natura 2000 &#8211; Pozytywna Inspiracja&#8221;<\/i>, gad\u017cety promocyjne), serwis kawowy, obiad oraz w razie potrzeby, nocleg. <\/span><\/span><br \/>\n<span style=\"font-size: small;\">Szczeg\u00f3\u0142owe informacje znajduj\u0105 si\u0119 tak\u017ce na stronie internetowej <a href=\"http:\/\/www.natura2000.fwie.pl\" target=\"_blank\">www.natura2000.fwie.pl<\/a> w zak\u0142adce &#8222;We\u017a udzia\u0142 w szkole&#8221;.<\/span><\/p>\n<p>Serdecznie Zapraszamy!<\/p>\n","protected":false},"excerpt":{"rendered":"<p>Fundacja Wspierania Inicjatyw Ekologicznych zwraca si\u0119, z uprzejm\u0105 pro\u015bb\u0105 o rozpowszechnienie wiadomo\u015bci, dotycz\u0105cych organizowanego w najbli\u017cszym czasie szkolenia z zakresu edukacji ekologicznej, poprzez umieszczenie informacji na stronie internetowej i\/lub rozes\u0142anie wiadomo\u015bci w\u015br\u00f3d wszystkich zainteresowanych t\u0105 tematyk\u0105. Jednocze\u015bnie pragniemy serdecznie zaprosi\u0107 Pa\u0144stwa do udzia\u0142u w tych warsztatach. Poni\u017cej podajemy wszystkie szczeg\u00f3\u0142owe informacje.Szko\u0142a Animator\u00f3w Edukacji Ekologicznej &#8211; [&hellip;]<\/p>\n","protected":false},"author":3,"featured_media":0,"comment_status":"closed","ping_status":"closed","sticky":false,"template":"","format":"standard","meta":{"footnotes":""},"categories":[1],"tags":[],"class_list":["post-1366","post","type-post","status-publish","format-standard","hentry","category-informacje"],"_links":{"self":[{"href":"https:\/\/psa.org.pl\/index.php\/wp-json\/wp\/v2\/posts\/1366","targetHints":{"allow":["GET"]}}],"collection":[{"href":"https:\/\/psa.org.pl\/index.php\/wp-json\/wp\/v2\/posts"}],"about":[{"href":"https:\/\/psa.org.pl\/index.php\/wp-json\/wp\/v2\/types\/post"}],"author":[{"embeddable":true,"href":"https:\/\/psa.org.pl\/index.php\/wp-json\/wp\/v2\/users\/3"}],"replies":[{"embeddable":true,"href":"https:\/\/psa.org.pl\/index.php\/wp-json\/wp\/v2\/comments?post=1366"}],"version-history":[{"count":2,"href":"https:\/\/psa.org.pl\/index.php\/wp-json\/wp\/v2\/posts\/1366\/revisions"}],"predecessor-version":[{"id":1368,"href":"https:\/\/psa.org.pl\/index.php\/wp-json\/wp\/v2\/posts\/1366\/revisions\/1368"}],"wp:attachment":[{"href":"https:\/\/psa.org.pl\/index.php\/wp-json\/wp\/v2\/media?parent=1366"}],"wp:term":[{"taxonomy":"category","embeddable":true,"href":"https:\/\/psa.org.pl\/index.php\/wp-json\/wp\/v2\/categories?post=1366"},{"taxonomy":"post_tag","embeddable":true,"href":"https:\/\/psa.org.pl\/index.php\/wp-json\/wp\/v2\/tags?post=1366"}],"curies":[{"name":"wp","href":"https:\/\/api.w.org\/{rel}","templated":true}]}}