{"id":1320,"date":"2015-06-17T07:56:49","date_gmt":"2015-06-17T06:56:49","guid":{"rendered":"http:\/\/www.psa.org.pl\/?p=1320"},"modified":"2015-06-17T07:56:49","modified_gmt":"2015-06-17T06:56:49","slug":"bezplatne-szkolenie-pn-efekty-realizacji-prow-2007-2013-oraz-prezentacja-nowego-okresu-programowania-prow-2014-2020","status":"publish","type":"post","link":"https:\/\/psa.org.pl\/index.php\/bezplatne-szkolenie-pn-efekty-realizacji-prow-2007-2013-oraz-prezentacja-nowego-okresu-programowania-prow-2014-2020\/","title":{"rendered":"bezp\u0142atne szkolenie pn. &#8222;Efekty realizacji PROW 2007-2013 oraz prezentacja nowego okresu programowania PROW 2014-2020&#8221;"},"content":{"rendered":"<div>\n<div>\n<div>\n<div>\n<div>\u00a0Stowarzyszenie Lokalna Grupa Dzia\u0142ania Szlak Tatarski oraz Forum Aktywizacji Obszar\u00f3w Wiejskich zaprasza na bezp\u0142atne szkolenie pn. &#8222;Efekty realizacji PROW 2007-2013 oraz prezentacja nowego okresu programowania PROW 2014-2020&#8221;. Szczeg\u00f3lnie wa\u017cnym punktem szkolenia ze wzgl\u0119du na specyfik\u0119 LGD i jej cz\u0142onk\u00f3w b\u0119dzie om\u00f3wienie dzia\u0142ania <i>Wsparcie dla rozwoju lokalnego w ramach inicjatywy LEADER<\/i> (RLKS &#8211; rozw\u00f3j lokalny kierowany przez spo\u0142eczno\u015b\u0107).<\/p>\n<\/div>\n<p>Szkolenie odb\u0119dzie si\u0119 w dniu <b>26 czerwca 2015 <\/b>r. w Kinie Sok\u00f3\u0142 w Sok\u00f3\u0142ce.<\/div>\n<p>Ch\u0119\u0107 uczestniczenia w szkoleniu nale\u017cy zg\u0142asza\u0107 do dnia 24 czerwca mailowo (<a href=\"mailto:szlaktatarski@org.pl\" target=\"_blank\">szlaktatarski@org.pl<\/a>) lub telefonicznie: 85 711 50 50, 785 441 330.<\/p>\n<\/div>\n<p>Wszelkie informacje znajd\u0105 Pa\u0144stwo na stronie: <a href=\"http:\/\/szlaktatarski.org.pl\/\" target=\"_blank\">http:\/\/szlaktatarski.org.pl\/<\/a><\/div>\n<\/div>\n","protected":false},"excerpt":{"rendered":"<p>\u00a0Stowarzyszenie Lokalna Grupa Dzia\u0142ania Szlak Tatarski oraz Forum Aktywizacji Obszar\u00f3w Wiejskich zaprasza na bezp\u0142atne szkolenie pn. &#8222;Efekty realizacji PROW 2007-2013 oraz prezentacja nowego okresu programowania PROW 2014-2020&#8221;. Szczeg\u00f3lnie wa\u017cnym punktem szkolenia ze wzgl\u0119du na specyfik\u0119 LGD i jej cz\u0142onk\u00f3w b\u0119dzie om\u00f3wienie dzia\u0142ania Wsparcie dla rozwoju lokalnego w ramach inicjatywy LEADER (RLKS &#8211; rozw\u00f3j lokalny kierowany [&hellip;]<\/p>\n","protected":false},"author":3,"featured_media":0,"comment_status":"closed","ping_status":"closed","sticky":false,"template":"","format":"standard","meta":{"footnotes":""},"categories":[1],"tags":[],"class_list":["post-1320","post","type-post","status-publish","format-standard","hentry","category-informacje"],"_links":{"self":[{"href":"https:\/\/psa.org.pl\/index.php\/wp-json\/wp\/v2\/posts\/1320","targetHints":{"allow":["GET"]}}],"collection":[{"href":"https:\/\/psa.org.pl\/index.php\/wp-json\/wp\/v2\/posts"}],"about":[{"href":"https:\/\/psa.org.pl\/index.php\/wp-json\/wp\/v2\/types\/post"}],"author":[{"embeddable":true,"href":"https:\/\/psa.org.pl\/index.php\/wp-json\/wp\/v2\/users\/3"}],"replies":[{"embeddable":true,"href":"https:\/\/psa.org.pl\/index.php\/wp-json\/wp\/v2\/comments?post=1320"}],"version-history":[{"count":1,"href":"https:\/\/psa.org.pl\/index.php\/wp-json\/wp\/v2\/posts\/1320\/revisions"}],"predecessor-version":[{"id":1321,"href":"https:\/\/psa.org.pl\/index.php\/wp-json\/wp\/v2\/posts\/1320\/revisions\/1321"}],"wp:attachment":[{"href":"https:\/\/psa.org.pl\/index.php\/wp-json\/wp\/v2\/media?parent=1320"}],"wp:term":[{"taxonomy":"category","embeddable":true,"href":"https:\/\/psa.org.pl\/index.php\/wp-json\/wp\/v2\/categories?post=1320"},{"taxonomy":"post_tag","embeddable":true,"href":"https:\/\/psa.org.pl\/index.php\/wp-json\/wp\/v2\/tags?post=1320"}],"curies":[{"name":"wp","href":"https:\/\/api.w.org\/{rel}","templated":true}]}}