{"id":1302,"date":"2015-06-03T08:21:12","date_gmt":"2015-06-03T07:21:12","guid":{"rendered":"http:\/\/www.psa.org.pl\/?p=1302"},"modified":"2015-06-03T08:22:49","modified_gmt":"2015-06-03T07:22:49","slug":"zapraszamy-na-wizyte-studyjna","status":"publish","type":"post","link":"https:\/\/psa.org.pl\/index.php\/zapraszamy-na-wizyte-studyjna\/","title":{"rendered":"Zapraszamy na wizyt\u0119 studyjn\u0105"},"content":{"rendered":"<p><strong><a href=\"http:\/\/www.psa.org.pl\/pliki\/2015\/06\/zap_ziolowy_zakatek.jpg\"><img loading=\"lazy\" decoding=\"async\" class=\"alignleft size-thumbnail wp-image-1304\" src=\"http:\/\/www.psa.org.pl\/pliki\/2015\/06\/zap_ziolowy_zakatek-296x420.jpg\" alt=\"zap_ziolowy_zakatek\" width=\"296\" height=\"420\" srcset=\"https:\/\/psa.org.pl\/pliki\/2015\/06\/zap_ziolowy_zakatek-296x420.jpg 296w, https:\/\/psa.org.pl\/pliki\/2015\/06\/zap_ziolowy_zakatek-563x800.jpg 563w, https:\/\/psa.org.pl\/pliki\/2015\/06\/zap_ziolowy_zakatek.jpg 666w\" sizes=\"auto, (max-width: 296px) 100vw, 296px\" \/><\/a>Stowarzyszenia Lokalna Grupa Dzia\u0142ania Szlak Tatarski <\/strong><strong>zaprasza cz\u0142onk\u00f3w, sympatyk\u00f3w, lokalnych lider\u00f3w na wizyt\u0119 studyjn\u0105 pn. \u201eZio\u0142owy Zak\u0105tek &#8211; dobre praktyki na terenie LGD Tygiel Doliny Bugu\u201d w dniu 12 czerwca 2015 r.<\/strong><\/p>\n<p>Zg\u0142oszenia nale\u017cy dostarczy\u0107 mailowo lub osobi\u015bcie do biura LGD. Na zg\u0142oszenia czekamy do 10 czerwca 2015 r. do godziny 16:00. Liczy si\u0119 kolejno\u015b\u0107 zg\u0142osze\u0144.<\/p>\n<p>Formularze dost\u0119pne na stronie:<\/p>\n<p><a href=\"http:\/\/szlaktatarski.org.pl\/zapraszamy-na-wizyte-studyjna-2\/\" target=\"_blank\">http:\/\/szlaktatarski.org.pl\/zapraszamy-na-wizyte-studyjna-2\/<\/a><\/p>\n","protected":false},"excerpt":{"rendered":"<p>Stowarzyszenia Lokalna Grupa Dzia\u0142ania Szlak Tatarski zaprasza cz\u0142onk\u00f3w, sympatyk\u00f3w, lokalnych lider\u00f3w na wizyt\u0119 studyjn\u0105 pn. \u201eZio\u0142owy Zak\u0105tek &#8211; dobre praktyki na terenie LGD Tygiel Doliny Bugu\u201d w dniu 12 czerwca 2015 r. Zg\u0142oszenia nale\u017cy dostarczy\u0107 mailowo lub osobi\u015bcie do biura LGD. Na zg\u0142oszenia czekamy do 10 czerwca 2015 r. do godziny 16:00. Liczy si\u0119 kolejno\u015b\u0107 [&hellip;]<\/p>\n","protected":false},"author":3,"featured_media":0,"comment_status":"closed","ping_status":"closed","sticky":false,"template":"","format":"standard","meta":{"footnotes":""},"categories":[1],"tags":[],"class_list":["post-1302","post","type-post","status-publish","format-standard","hentry","category-informacje"],"_links":{"self":[{"href":"https:\/\/psa.org.pl\/index.php\/wp-json\/wp\/v2\/posts\/1302","targetHints":{"allow":["GET"]}}],"collection":[{"href":"https:\/\/psa.org.pl\/index.php\/wp-json\/wp\/v2\/posts"}],"about":[{"href":"https:\/\/psa.org.pl\/index.php\/wp-json\/wp\/v2\/types\/post"}],"author":[{"embeddable":true,"href":"https:\/\/psa.org.pl\/index.php\/wp-json\/wp\/v2\/users\/3"}],"replies":[{"embeddable":true,"href":"https:\/\/psa.org.pl\/index.php\/wp-json\/wp\/v2\/comments?post=1302"}],"version-history":[{"count":3,"href":"https:\/\/psa.org.pl\/index.php\/wp-json\/wp\/v2\/posts\/1302\/revisions"}],"predecessor-version":[{"id":1306,"href":"https:\/\/psa.org.pl\/index.php\/wp-json\/wp\/v2\/posts\/1302\/revisions\/1306"}],"wp:attachment":[{"href":"https:\/\/psa.org.pl\/index.php\/wp-json\/wp\/v2\/media?parent=1302"}],"wp:term":[{"taxonomy":"category","embeddable":true,"href":"https:\/\/psa.org.pl\/index.php\/wp-json\/wp\/v2\/categories?post=1302"},{"taxonomy":"post_tag","embeddable":true,"href":"https:\/\/psa.org.pl\/index.php\/wp-json\/wp\/v2\/tags?post=1302"}],"curies":[{"name":"wp","href":"https:\/\/api.w.org\/{rel}","templated":true}]}}