{"id":1294,"date":"2015-04-29T10:58:38","date_gmt":"2015-04-29T09:58:38","guid":{"rendered":"http:\/\/www.psa.org.pl\/?p=1294"},"modified":"2015-04-29T10:58:38","modified_gmt":"2015-04-29T09:58:38","slug":"walne-zebranie-czlonkow-psa-w-dniu-17-maja-2015-niedziela-godzina-10-00","status":"publish","type":"post","link":"https:\/\/psa.org.pl\/index.php\/walne-zebranie-czlonkow-psa-w-dniu-17-maja-2015-niedziela-godzina-10-00\/","title":{"rendered":"Walne Zebranie  cz\u0142onk\u00f3w PSA w dniu  17 maja 2015 (niedziela) godzina 10.00"},"content":{"rendered":"<p>Zarz\u0105d\u00a0 Podlaskiego Stowarzyszenia Agroturystycznego zaprasza wszystkich cz\u0142onk\u00f3w Stowarzyszenia na Walne Zebranie Sprawozdawczo- Wyborcze w dniu<br \/>\n17 maja 2015 (niedziela) godzina 10.00 i 10.15 drugi termin.<br \/>\nZebranie odb\u0119dzie si\u0119 w gospodarstwie agroturystycznym pani Ewy Puci\u0142owskiej Puci\u0142ki 26 ko\u0142o Sok\u00f3\u0142ki.<br \/>\nProgram zebrania:<br \/>\n1.Otwarcie zebrania,<br \/>\n2.Wyb\u00f3r przewodnicz\u0105cego zebrania,<br \/>\n3.Przyjecie programu zebrania,<br \/>\n4.Sprawozdanie z pracy Zarz\u0105du PSA za rok 2014,<br \/>\n5.Sprawozdanie finansowe za 2014 rok,<br \/>\n6.Udzielenie absolutorium Zarz\u0105dowi PSA\u00a0 za rok 2014,<br \/>\n7.Wyb\u00f3r komisji skrutacyjnej,<br \/>\n8.Wyb\u00f3r zarz\u0105du PSA,<br \/>\n9.Wyb\u00f3r Komisji rewizyjnej,<br \/>\n10.Podjecie uchwa\u0142,<br \/>\n11.Informacje o panach pracy nowego Zarz\u0105du,<br \/>\n12.Dyskusja,<br \/>\n13.Wolne wnioski<br \/>\nPo zebraniu impreza integracyjna oraz\u00a0 zwiedzanie meczetu muzu\u0142ma\u0144skiego w Bohonikach.<br \/>\nZ uwagi na wa\u017cne sprawy dotycz\u0105ce dalszej dzia\u0142alno\u015bci\u00a0 Stowarzyszenia prosimy o udzia\u0142 w zebraniu i potwierdzenie swojej obecno\u015bci telefonicznie 782 395 145, lub mailowo : kuryly@poczta.onet.pl<br \/>\nPod tym te\u017c numerem udzielamy informacje o sposobie dojazdu do Puci\u0142ek, plan dojazdu w za\u0142\u0105czeniu<br \/>\nProsimy te\u017c cz\u0142onk\u00f3w zalegaj\u0105cych ze sk\u0142adkami cz\u0142onkowskim, o uregulowanie zaleg\u0142o\u015bci.<br \/>\nSerdecznie zapraszamy Zarz\u0105d PSA.<\/p>\n","protected":false},"excerpt":{"rendered":"<p>Zarz\u0105d\u00a0 Podlaskiego Stowarzyszenia Agroturystycznego zaprasza wszystkich cz\u0142onk\u00f3w Stowarzyszenia na Walne Zebranie Sprawozdawczo- Wyborcze w dniu 17 maja 2015 (niedziela) godzina 10.00 i 10.15 drugi termin. Zebranie odb\u0119dzie si\u0119 w gospodarstwie agroturystycznym pani Ewy Puci\u0142owskiej Puci\u0142ki 26 ko\u0142o Sok\u00f3\u0142ki. Program zebrania: 1.Otwarcie zebrania, 2.Wyb\u00f3r przewodnicz\u0105cego zebrania, 3.Przyjecie programu zebrania, 4.Sprawozdanie z pracy Zarz\u0105du PSA za rok [&hellip;]<\/p>\n","protected":false},"author":3,"featured_media":0,"comment_status":"closed","ping_status":"closed","sticky":false,"template":"","format":"standard","meta":{"footnotes":""},"categories":[1],"tags":[],"class_list":["post-1294","post","type-post","status-publish","format-standard","hentry","category-informacje"],"_links":{"self":[{"href":"https:\/\/psa.org.pl\/index.php\/wp-json\/wp\/v2\/posts\/1294","targetHints":{"allow":["GET"]}}],"collection":[{"href":"https:\/\/psa.org.pl\/index.php\/wp-json\/wp\/v2\/posts"}],"about":[{"href":"https:\/\/psa.org.pl\/index.php\/wp-json\/wp\/v2\/types\/post"}],"author":[{"embeddable":true,"href":"https:\/\/psa.org.pl\/index.php\/wp-json\/wp\/v2\/users\/3"}],"replies":[{"embeddable":true,"href":"https:\/\/psa.org.pl\/index.php\/wp-json\/wp\/v2\/comments?post=1294"}],"version-history":[{"count":1,"href":"https:\/\/psa.org.pl\/index.php\/wp-json\/wp\/v2\/posts\/1294\/revisions"}],"predecessor-version":[{"id":1295,"href":"https:\/\/psa.org.pl\/index.php\/wp-json\/wp\/v2\/posts\/1294\/revisions\/1295"}],"wp:attachment":[{"href":"https:\/\/psa.org.pl\/index.php\/wp-json\/wp\/v2\/media?parent=1294"}],"wp:term":[{"taxonomy":"category","embeddable":true,"href":"https:\/\/psa.org.pl\/index.php\/wp-json\/wp\/v2\/categories?post=1294"},{"taxonomy":"post_tag","embeddable":true,"href":"https:\/\/psa.org.pl\/index.php\/wp-json\/wp\/v2\/tags?post=1294"}],"curies":[{"name":"wp","href":"https:\/\/api.w.org\/{rel}","templated":true}]}}